{"id":4,"date":"2014-08-05T15:17:11","date_gmt":"2014-08-05T15:17:11","guid":{"rendered":"http:\/\/broise-art.fr\/journal\/?p=4"},"modified":"2020-01-13T17:12:10","modified_gmt":"2020-01-13T17:12:10","slug":"claude-gellee-dit-le-lorrain-2","status":"publish","type":"post","link":"https:\/\/broise-art.fr\/journal\/claude-gellee-dit-le-lorrain-2\/","title":{"rendered":"Claude Gell\u00e9e dit Le Lorrain"},"content":{"rendered":"\t\t<div data-elementor-type=\"wp-post\" data-elementor-id=\"4\" class=\"elementor elementor-4\" data-elementor-post-type=\"post\">\n\t\t\t\t\t\t<section class=\"elementor-section elementor-top-section elementor-element elementor-element-7c5678ca elementor-section-boxed elementor-section-height-default elementor-section-height-default\" data-id=\"7c5678ca\" data-element_type=\"section\">\n\t\t\t\t\t\t<div class=\"elementor-container elementor-column-gap-default\">\n\t\t\t\t\t<div class=\"elementor-column elementor-col-100 elementor-top-column elementor-element elementor-element-cc654c7\" data-id=\"cc654c7\" data-element_type=\"column\">\n\t\t\t<div class=\"elementor-widget-wrap elementor-element-populated\">\n\t\t\t\t\t\t<div class=\"elementor-element elementor-element-31b25ae elementor-widget elementor-widget-image\" data-id=\"31b25ae\" data-element_type=\"widget\" data-widget_type=\"image.default\">\n\t\t\t\t<div class=\"elementor-widget-container\">\n\t\t\t\t\t\t\t\t\t\t\t\t<figure class=\"wp-caption\">\n\t\t\t\t\t\t\t\t\t\t<img fetchpriority=\"high\" decoding=\"async\" width=\"1024\" height=\"801\" src=\"https:\/\/broise-art.fr\/journal\/wp-content\/uploads\/2014\/08\/ulysse-remet-chryseis-a-son-pere-1024x801.jpg\" class=\"attachment-large size-large wp-image-9\" alt=\"\" srcset=\"https:\/\/broise-art.fr\/journal\/wp-content\/uploads\/2014\/08\/ulysse-remet-chryseis-a-son-pere-1024x801.jpg 1024w, https:\/\/broise-art.fr\/journal\/wp-content\/uploads\/2014\/08\/ulysse-remet-chryseis-a-son-pere-300x234.jpg 300w, https:\/\/broise-art.fr\/journal\/wp-content\/uploads\/2014\/08\/ulysse-remet-chryseis-a-son-pere-1200x938.jpg 1200w, https:\/\/broise-art.fr\/journal\/wp-content\/uploads\/2014\/08\/ulysse-remet-chryseis-a-son-pere-e1624122117468.jpg 1000w\" sizes=\"(max-width: 1024px) 100vw, 1024px\" \/>\t\t\t\t\t\t\t\t\t\t\t<figcaption class=\"widget-image-caption wp-caption-text\">Ulysse remet Chrys\u00e9is \u00e0 son p\u00e8re Mus\u00e9e du Louvre 1644<\/figcaption>\n\t\t\t\t\t\t\t\t\t\t<\/figure>\n\t\t\t\t\t\t\t\t\t<\/div>\n\t\t\t\t<\/div>\n\t\t\t\t<div class=\"elementor-element elementor-element-7a71f45c elementor-widget elementor-widget-text-editor\" data-id=\"7a71f45c\" data-element_type=\"widget\" data-widget_type=\"text-editor.default\">\n\t\t\t\t<div class=\"elementor-widget-container\">\n\t\t\t\t\t\t\t\t\t<span style=\"font-size: 16px;\">Devant une peinture de Claude Gel\u00e9e dit le Lorrain on sent comme une \u00e9vidence. On est saisi par une sorte d&rsquo;immobilit\u00e9; Tout semble en place et c&rsquo;est avec s\u00e9r\u00e9nit\u00e9 que l&rsquo;on observe la sc\u00e8ne. On se pla\u00eet \u00e0 parcourir le tableau du regard, on est surpris et heureux d&rsquo;y d\u00e9couvrir des personnages en activit\u00e9, mais cette activit\u00e9 ne remet pas en cause la calme \u00e9vidence de l&rsquo;ensemble. C&rsquo;est donc sans h\u00e2te, bien plus avec une certaine d\u00e9lectation que l&rsquo;on dirige le regard ce nouveau vers les frondaisons, la ligne d&rsquo;horizon, ou ce soleil voil\u00e9 derri\u00e8re la brume des nuages&#8230; On savoure \u00e0 l&rsquo;avance le plaisir de bient\u00f4t reporter les yeux sur les personnages que l&rsquo;on scrute, parce qu&rsquo;on veut mieux comprendre ce qu&rsquo;il font , pourquoi ils sont l\u00e0. On cherche \u00e0 distinguer ce que l&rsquo;on n&rsquo;avait peut-\u00eatre pas vu lors de la premi\u00e8re observation.<\/span><p>Le regard est pris dans un mouvement lent et incessant. (Rothko aurait sans doute parl\u00e9 de plasticit\u00e9). Chaque instant fait esp\u00e9rer le suivant car sans jamais \u00e9puiser la curiosit\u00e9, on cherche ailleurs ce qu&rsquo;il semble manquer l\u00e0. Et pourtant rien ne semble faire d\u00e9faut.<br \/>On ne se demande plus \u00e0 ce moment l\u00e0 ce qu&rsquo;est l&rsquo;art, s&rsquo;il a encore un sens face \u00e0 la science ou ce qu&rsquo;il pourrait nous dire encore aujourd&rsquo;hui. On est comme pris d&rsquo; \u00e9vidence, comme \u00e0 l&rsquo;\u00e9coute des sonates pour violoncelle seul de J. S. Bach. Si l&rsquo;art a un sens, c&rsquo;est l\u00e0 et l\u00e0 seulement, dans cette exp\u00e9rience de la contemplation, dans cette aventure du regard.<br \/>Mais comment Le Lorrain a-il r\u00e9ussi ce tour de force ? On peut mentalement tracer les lignes de fuite, chercher \u00e0 \u00e9valuer avec pr\u00e9cision la place du soleil, regarder \u00e0 quelle hauteur de l&rsquo;image se tient l&rsquo;horizon. Quelle que soit la fa\u00e7on, et quelque soit aussi parfois les surprises, la raison \u00e9chappe.<br \/>On est devant une oeuvre qui nous murmure autre chose que ce que la science et les discours peuvent aussi dire sur le monde.<\/p><p>\u00ab\u00a0\u00abVous avez l\u00e0 enfin un homme accompli , a dit Goethe, un homme dont les conceptions sont aussi belles que les sentiments et dont l&rsquo;\u00e2me renfermait un monde tel qu&rsquo;il n&rsquo;est point facile de le rencontrer. \u2014 Ces images sont de la plus haute v\u00e9rit\u00e9 sans que ce soit nul vestige du r\u00e9alisme. Claude Lorrain connaissait par c\u0153ur, dans les moindres d\u00e9tails, le monde r\u00e9el, et il l&#8217;employait, comme moyen, pour exprimer cet autre monde dont sa belle \u00e2me \u00e9tait le si\u00e8ge. Tel est l&rsquo;id\u00e9alisme l\u00e9gitime; il se sert de la r\u00e9alit\u00e9 de mani\u00e8re que les parcelles visibles de v\u00e9rit\u00e9 produisent l&rsquo;effet de la r\u00e9alit\u00e9 m\u00eame.\u00bb<\/p><p>Extrait des Entretiens de Goethe et Eckermann<br \/>Citation extraite de l&rsquo;article:<br \/>http:\/\/l-esprit-de-l-escalier.hautetfort.com\/apps\/search?s=le+lorrain<\/p>\t\t\t\t\t\t\t\t<\/div>\n\t\t\t\t<\/div>\n\t\t\t\t\t<\/div>\n\t\t<\/div>\n\t\t\t\t\t<\/div>\n\t\t<\/section>\n\t\t\t\t<\/div>\n\t\t","protected":false},"excerpt":{"rendered":"<p>Ulysse remet Chrys\u00e9is \u00e0 son p\u00e8re Mus\u00e9e du Louvre 1644 Devant une peinture de Claude Gel\u00e9e dit le Lorrain on sent comme une \u00e9vidence. On est saisi par une sorte d&rsquo;immobilit\u00e9; Tout semble en place et c&rsquo;est avec s\u00e9r\u00e9nit\u00e9 que l&rsquo;on observe la sc\u00e8ne. On se pla\u00eet \u00e0 parcourir le tableau du regard, on est [&hellip;]<\/p>\n","protected":false},"author":1,"featured_media":0,"comment_status":"closed","ping_status":"open","sticky":false,"template":"","format":"standard","meta":{"_seopress_robots_primary_cat":"","_seopress_titles_title":"Le Lorrain. Illustration sur le site de l'artiste Christian Broise","_seopress_titles_desc":"","_seopress_robots_index":"","footnotes":""},"categories":[2,33],"tags":[],"class_list":["post-4","post","type-post","status-publish","format-standard","hentry","category-peinture","category-reflexion-sur-lart","entry"],"_links":{"self":[{"href":"https:\/\/broise-art.fr\/journal\/wp-json\/wp\/v2\/posts\/4","targetHints":{"allow":["GET"]}}],"collection":[{"href":"https:\/\/broise-art.fr\/journal\/wp-json\/wp\/v2\/posts"}],"about":[{"href":"https:\/\/broise-art.fr\/journal\/wp-json\/wp\/v2\/types\/post"}],"author":[{"embeddable":true,"href":"https:\/\/broise-art.fr\/journal\/wp-json\/wp\/v2\/users\/1"}],"replies":[{"embeddable":true,"href":"https:\/\/broise-art.fr\/journal\/wp-json\/wp\/v2\/comments?post=4"}],"version-history":[{"count":7,"href":"https:\/\/broise-art.fr\/journal\/wp-json\/wp\/v2\/posts\/4\/revisions"}],"predecessor-version":[{"id":3959,"href":"https:\/\/broise-art.fr\/journal\/wp-json\/wp\/v2\/posts\/4\/revisions\/3959"}],"wp:attachment":[{"href":"https:\/\/broise-art.fr\/journal\/wp-json\/wp\/v2\/media?parent=4"}],"wp:term":[{"taxonomy":"category","embeddable":true,"href":"https:\/\/broise-art.fr\/journal\/wp-json\/wp\/v2\/categories?post=4"},{"taxonomy":"post_tag","embeddable":true,"href":"https:\/\/broise-art.fr\/journal\/wp-json\/wp\/v2\/tags?post=4"}],"curies":[{"name":"wp","href":"https:\/\/api.w.org\/{rel}","templated":true}]}}