{"id":3111,"date":"2018-12-04T18:49:37","date_gmt":"2018-12-04T18:49:37","guid":{"rendered":"https:\/\/broise-art.fr\/journal\/?p=3111"},"modified":"2020-01-13T16:08:38","modified_gmt":"2020-01-13T16:08:38","slug":"le-sujet-des-images","status":"publish","type":"post","link":"https:\/\/broise-art.fr\/journal\/le-sujet-des-images\/","title":{"rendered":"Le sujet des images"},"content":{"rendered":"\t\t<div data-elementor-type=\"wp-post\" data-elementor-id=\"3111\" class=\"elementor elementor-3111\" data-elementor-post-type=\"post\">\n\t\t\t\t\t\t<section class=\"elementor-section elementor-top-section elementor-element elementor-element-3e068287 elementor-section-boxed elementor-section-height-default elementor-section-height-default\" data-id=\"3e068287\" data-element_type=\"section\">\n\t\t\t\t\t\t<div class=\"elementor-container elementor-column-gap-default\">\n\t\t\t\t\t<div class=\"elementor-column elementor-col-100 elementor-top-column elementor-element elementor-element-26086d76\" data-id=\"26086d76\" data-element_type=\"column\">\n\t\t\t<div class=\"elementor-widget-wrap elementor-element-populated\">\n\t\t\t\t\t\t<div class=\"elementor-element elementor-element-6b8a1155 elementor-widget elementor-widget-text-editor\" data-id=\"6b8a1155\" data-element_type=\"widget\" data-widget_type=\"text-editor.default\">\n\t\t\t\t<div class=\"elementor-widget-container\">\n\t\t\t\t\t\t\t\t\t<p>Les sites permettant aux artistes de montrer leurs productions exigent souvent d&rsquo;eux de d\u00e9crire leurs \u0153uvres en les soumettant \u00e0 des crit\u00e8res dont l&rsquo;apparente \u00e9vidence dissimule mal le caract\u00e8re arbitraire, voire m\u00eame saugrenu pour qui veut d\u00e9crire une \u0153uvre qui se revendique comme un aboutissement possible d&rsquo;une d\u00e9marche artistique.<br \/><br \/>Bien s\u00fbr cette demande est cens\u00e9e permettre aux internautes d\u2019inter-r\u00e9agir avec un algorithme leur permettant de mieux trouver les images qu&rsquo;ils souhaitent. Il est cependant curieux de constater que ceux-ci sont invit\u00e9s \u00e0 identifier une production artistique \u00e0 l&rsquo;aide de crit\u00e8res qui ne font au mieux que d\u00e9crire des aspects partiels d&rsquo;une \u0153uvre, quand ce n&rsquo;est pas \u00e0 l&rsquo;aide de cat\u00e9gories qui sont \u00e9trang\u00e8res \u00e0 la pratique artistique.<br \/><br \/>Ainsi de notions comme sujet et style.<br \/><br \/>Quel est le sujet de cette \u0153uvre\u00a0? Voil\u00e0 bien une question qui peut para\u00eetre d&rsquo;une telle banalit\u00e9 que l&rsquo;on pourrait s&rsquo;\u00e9tonner qu&rsquo;elle pose probl\u00e8me \u00e0 celui qui doit r\u00e9pondre.<br \/><br \/>Et pourtant, la notion m\u00eame de sujet est ambigu\u00eb.<br \/><br \/>Le sujet d&rsquo;une image d&rsquo;art (c&rsquo;est \u00e0 dire d&rsquo;une image d\u00e9coulant d&rsquo;une intention plastique se r\u00e9alisant dans et par l&rsquo;image*) c&rsquo;est l&rsquo;image elle m\u00eame, c&rsquo;est un<em> sujet<\/em> plastique qui n&rsquo;est pas de m\u00eame nature qu&rsquo;un<em> sujet<\/em> de conf\u00e9rence, ou du d\u00e9bat politique.<\/p><p>Ce sujet d&rsquo;une autre nature n&rsquo;est pleinement formul\u00e9 (formulable) que par l&rsquo;image elle-m\u00eame. Toute tentative d&rsquo;autonomiser cette cat\u00e9gorie ne peut aboutir au mieux qu&rsquo;\u00e0 une description superficielle de l&rsquo;oeuvre et au pire (et le plus souvent)\u00a0 \u00e0 une description erron\u00e9e puisque l&rsquo;on va \u00e0 l&rsquo;encontre de ce qu&rsquo;est une oeuvre, qu&rsquo;on lui fait violence.<br \/><br \/>L&rsquo;art est un discours. Il ne saurait se contenter du r\u00f4le illustratif d&rsquo;un \u00ab\u00a0sujet\u00a0\u00bb, autonome, qui lui pr\u00e9-existerait<br \/><br \/>Ainsi du tableau <em>Pasipha\u00e9<\/em> de 1943 de Rothko. Peut-il \u00eatre d\u00e9crit avec pertinence en lui attribuant comme sujet \u00ab\u00a0mythologique\u00a0\u00bb ? D\u00e9crit ?\u00a0 Non. (ou alors \u00e0 un niveau tr\u00e8s superficiel vers lequel semble pousser le titre). R\u00e9duit ? Cela est certain. Il est alors beaucoup plus interessant de consid\u00e9rer que \u00ab\u00a0mythologique\u00a0\u00bb n&rsquo;est ni le sujet, ni le th\u00e8me, il est le mat\u00e9riau\u00a0 , un des mat\u00e9riaux avec le(s)quel(s) Rothko a travaill\u00e9 pour construire ce tableau, qui est, une fois achev\u00e9, son propre sujet, son propre th\u00e8me. On ne peut\u00a0 isoler aucune de ces cat\u00e9gories qui demeurent \u00e0 jamais non-paraphrasables.\u00a0<br \/><br \/>Demander donc \u00e0 un artiste sur un site de vente en ligne de pr\u00e9ciser dans une description le sujet de son \u0153uvre est aussi insens\u00e9 que de lui demander de pr\u00e9ciser l&rsquo;id\u00e9e qu&rsquo;il veut exprimer . A moindre d&rsquo;\u00eatre un illustrateur, un militant ou un publicitaire, sa seule r\u00e9ponse ne pourra qu&rsquo; \u00eatre : le sujet de mon tableau ? C&rsquo;est mon tableau.<\/p><p>Le tableau est le r\u00e9sultat d&rsquo;un processus , le pain dans lequel les ingr\u00e9dients disparaissent sous l&rsquo;action conjointe du p\u00e9trissage et des levures. La mati\u00e8re du tableau est faite de cette alchimie l\u00e0 : la mati\u00e8re est le sujet . <br \/><br \/>Autre probl\u00e8me, m\u00eame probl\u00e8me. Celui du style. Demander \u00e0 un artiste de pr\u00e9ciser un style, comme si cette cat\u00e9gorie pr\u00e9existait \u00e0 la cr\u00e9ation n&rsquo;a pas des sens. \u00c9videmment, on peut apr\u00e8s coup, en se comportant alors comme un analyste, un historien de l&rsquo;art, chercher des similitudes avec des styles d\u00e9j\u00e0 nomm\u00e9s et plus ou moins reconnus, essayer de faire entrer de force l\u2019\u0153uvre dans une (ou plusieurs) cat\u00e9gorie(s). Mais on rencontre alors deux probl\u00e8mes\u00a0\u00a0: <br \/><br \/>Le premier est que l&rsquo;on ne peut pas faire comme si chaque terme abstrait comme \u00ab\u00a0impressionniste\u00a0\u00bb, \u00ab\u00a0expressionniste\u00a0\u00bb, \u00ab\u00a0symboliste\u00a0\u00bb, etc. \u00e9tait \u00e0 ce point bien d\u00e9fini qu&rsquo;il serait ais\u00e9 d&rsquo;\u00e9tiqueter chaque production en oubliant au passage que de tels \u00ab\u00a0styles\u00a0\u00bb sont intimement li\u00e9s \u00e0 une repr\u00e9sentation plastique particuli\u00e8re, elle m\u00eame li\u00e9e \u00e0 une repr\u00e9sentation du monde: ils sont\u00a0 historiquement dat\u00e9s, et assez souvent discut\u00e9s &#8230;<br \/><br \/>Le deuxi\u00e8me probl\u00e8me, \u00e0 mon sens plus essentiel encore, est de faire comme si le style \u00e9tait un \u00e9l\u00e9ment exog\u00e8ne \u00e0 l&rsquo;image (Comme le sujet et l&rsquo;id\u00e9e), ce qui revient \u00e0 cantonner (de nouveau) l&rsquo;image dans un r\u00f4le illustratif et le style, dans un pur \u00e9l\u00e9ment de d\u00e9cor, une sorte d&rsquo;habit d&rsquo;apparat rev\u00eatant l&rsquo;id\u00e9e ou le sujet. <br \/><br \/>Or, le style est indissociable du travail plastique, il lui est incorpor\u00e9, il fait partie int\u00e9grante de la d\u00e9marche de l&rsquo;artiste, de sa philosophie, de sa vision de la r\u00e9alit\u00e9, des choix qu&rsquo;il va op\u00e9rer. Pour cela, il n&rsquo;y a pas de terme et interrog\u00e9 sur ce point, l&rsquo;artiste ne peut que r\u00e9pondre, le style, c&rsquo;est mes images.<br \/><br \/>__________<\/p><p>* Il en va bien entendu tout autrement si l\u2019\u0153uvre n&rsquo;est que purement illustrative, c&rsquo;est \u00e0 dire inf\u00e9od\u00e9e \u00e0 autre chose qu&rsquo;elle m\u00eame, par exemple \u00e0 une id\u00e9e. Sujet et id\u00e9e \u00e9tant alors disjoints, il devient d\u00e8s lors possible de nommer les deux s\u00e9par\u00e9ment et de discourir simplement. (Cela est flagrant dans la publicit\u00e9, mais \u00e9galement dans tout art platement m\u00e9taphorique) Mais l&rsquo;illustration n&rsquo;est pas image d&rsquo;art, au sens d\u00e9fini ici.<\/p><p style=\"text-align: right;\">Christian Broise (D\u00e9cembre 2018<span style=\"font-size: medium;\">)<\/span><\/p>\t\t\t\t\t\t\t\t<\/div>\n\t\t\t\t<\/div>\n\t\t\t\t<section class=\"elementor-section elementor-inner-section elementor-element elementor-element-3515d63 elementor-section-boxed elementor-section-height-default elementor-section-height-default\" data-id=\"3515d63\" data-element_type=\"section\">\n\t\t\t\t\t\t<div class=\"elementor-container elementor-column-gap-default\">\n\t\t\t\t\t<div class=\"elementor-column elementor-col-50 elementor-inner-column elementor-element elementor-element-ea056a6\" data-id=\"ea056a6\" data-element_type=\"column\">\n\t\t\t<div class=\"elementor-widget-wrap elementor-element-populated\">\n\t\t\t\t\t\t<div class=\"elementor-element elementor-element-86376a9 elementor-widget elementor-widget-image\" data-id=\"86376a9\" data-element_type=\"widget\" data-widget_type=\"image.default\">\n\t\t\t\t<div class=\"elementor-widget-container\">\n\t\t\t\t\t\t\t\t\t\t\t\t\t\t\t<img decoding=\"async\" src=\"https:\/\/broise-art.fr\/journal\/wp-content\/uploads\/2018\/12\/Ceres-2-1.jpg\" title=\"\" alt=\"\" loading=\"lazy\" \/>\t\t\t\t\t\t\t\t\t\t\t\t\t\t\t<\/div>\n\t\t\t\t<\/div>\n\t\t\t\t\t<\/div>\n\t\t<\/div>\n\t\t\t\t<div class=\"elementor-column elementor-col-50 elementor-inner-column elementor-element elementor-element-6eca636\" data-id=\"6eca636\" data-element_type=\"column\">\n\t\t\t<div class=\"elementor-widget-wrap elementor-element-populated\">\n\t\t\t\t\t\t<div class=\"elementor-element elementor-element-c0a279c elementor-widget elementor-widget-text-editor\" data-id=\"c0a279c\" data-element_type=\"widget\" data-widget_type=\"text-editor.default\">\n\t\t\t\t<div class=\"elementor-widget-container\">\n\t\t\t\t\t\t\t\t\t<p>Ce texte doit beaucoup \u00e0 la pens\u00e9e de Mark Rothko qui a tr\u00e8s bien (et bien mieux) formul\u00e9 ces id\u00e9es dans l&rsquo;ouvrage \u00ab\u00a0la r\u00e9alit\u00e9 de l&rsquo;artiste\u00a0\u00bb (Champsart, Flammarion, 2004) en particulier dans le chapitre \u00ab\u00a0sujet et contenu\u00a0\u00bb, pages 143-169<\/p>\t\t\t\t\t\t\t\t<\/div>\n\t\t\t\t<\/div>\n\t\t\t\t\t<\/div>\n\t\t<\/div>\n\t\t\t\t\t<\/div>\n\t\t<\/section>\n\t\t\t\t\t<\/div>\n\t\t<\/div>\n\t\t\t\t\t<\/div>\n\t\t<\/section>\n\t\t\t\t<\/div>\n\t\t","protected":false},"excerpt":{"rendered":"<p>Les sites permettant aux artistes de montrer leurs productions exigent souvent d&rsquo;eux de d\u00e9crire leurs \u0153uvres en les soumettant \u00e0 des crit\u00e8res dont l&rsquo;apparente \u00e9vidence dissimule mal le caract\u00e8re arbitraire, voire m\u00eame saugrenu pour qui veut d\u00e9crire une \u0153uvre qui se revendique comme un aboutissement possible d&rsquo;une d\u00e9marche artistique. Bien s\u00fbr cette demande est cens\u00e9e [&hellip;]<\/p>\n","protected":false},"author":1,"featured_media":0,"comment_status":"closed","ping_status":"open","sticky":false,"template":"","format":"gallery","meta":{"_seopress_robots_primary_cat":"","_seopress_titles_title":"","_seopress_titles_desc":"","_seopress_robots_index":"","footnotes":""},"categories":[33],"tags":[],"class_list":["post-3111","post","type-post","status-publish","format-gallery","hentry","category-reflexion-sur-lart","post_format-post-format-gallery","entry"],"_links":{"self":[{"href":"https:\/\/broise-art.fr\/journal\/wp-json\/wp\/v2\/posts\/3111","targetHints":{"allow":["GET"]}}],"collection":[{"href":"https:\/\/broise-art.fr\/journal\/wp-json\/wp\/v2\/posts"}],"about":[{"href":"https:\/\/broise-art.fr\/journal\/wp-json\/wp\/v2\/types\/post"}],"author":[{"embeddable":true,"href":"https:\/\/broise-art.fr\/journal\/wp-json\/wp\/v2\/users\/1"}],"replies":[{"embeddable":true,"href":"https:\/\/broise-art.fr\/journal\/wp-json\/wp\/v2\/comments?post=3111"}],"version-history":[{"count":8,"href":"https:\/\/broise-art.fr\/journal\/wp-json\/wp\/v2\/posts\/3111\/revisions"}],"predecessor-version":[{"id":3946,"href":"https:\/\/broise-art.fr\/journal\/wp-json\/wp\/v2\/posts\/3111\/revisions\/3946"}],"wp:attachment":[{"href":"https:\/\/broise-art.fr\/journal\/wp-json\/wp\/v2\/media?parent=3111"}],"wp:term":[{"taxonomy":"category","embeddable":true,"href":"https:\/\/broise-art.fr\/journal\/wp-json\/wp\/v2\/categories?post=3111"},{"taxonomy":"post_tag","embeddable":true,"href":"https:\/\/broise-art.fr\/journal\/wp-json\/wp\/v2\/tags?post=3111"}],"curies":[{"name":"wp","href":"https:\/\/api.w.org\/{rel}","templated":true}]}}