{"id":181,"date":"2015-03-22T18:08:53","date_gmt":"2015-03-22T18:08:53","guid":{"rendered":"http:\/\/broise-art.fr\/journal\/?p=181"},"modified":"2020-01-13T16:42:10","modified_gmt":"2020-01-13T16:42:10","slug":"rer","status":"publish","type":"post","link":"https:\/\/broise-art.fr\/journal\/rer\/","title":{"rendered":"La photographie comme mat\u00e9riau"},"content":{"rendered":"\t\t<div data-elementor-type=\"wp-post\" data-elementor-id=\"181\" class=\"elementor elementor-181\" data-elementor-post-type=\"post\">\n\t\t\t\t\t\t<section class=\"elementor-section elementor-top-section elementor-element elementor-element-61367a43 elementor-section-boxed elementor-section-height-default elementor-section-height-default\" data-id=\"61367a43\" data-element_type=\"section\">\n\t\t\t\t\t\t<div class=\"elementor-container elementor-column-gap-default\">\n\t\t\t\t\t<div class=\"elementor-column elementor-col-100 elementor-top-column elementor-element elementor-element-4c3ea641\" data-id=\"4c3ea641\" data-element_type=\"column\">\n\t\t\t<div class=\"elementor-widget-wrap elementor-element-populated\">\n\t\t\t\t\t\t<div class=\"elementor-element elementor-element-253e3cb8 elementor-widget elementor-widget-text-editor\" data-id=\"253e3cb8\" data-element_type=\"widget\" data-widget_type=\"text-editor.default\">\n\t\t\t\t<div class=\"elementor-widget-container\">\n\t\t\t\t\t\t\t\t\tIl est souvent bien difficile &nbsp;de mettre en harmonie des concepts&nbsp;de s\u00e9miologie &nbsp;et une pratique artistique que l&rsquo;on &nbsp;cherche (raisonnablement) \u00e0 \u00e9clairer.\n\nLe travail sur le clich\u00e9 (qu&rsquo;il soit num\u00e9rique ou non) &nbsp;est-il une des voies qui permet de donner \u00e0 la photographie sa vraie place?\n\nIl permet en tout cas d&rsquo;\u00e9chapper \u00e0 ce sentiment que &nbsp;donne tr\u00e8s souvent une (bonne) image photographique*&nbsp;de ne pas \u00eatre en mesure de&nbsp;dire autant qu&rsquo;une (bonne) peinture : sans doute \u00e0 cause de son fort pouvoir indiciel . &#8230; montrer n&rsquo;est pas repr\u00e9senter.\n\nSi l&rsquo;on adopte ce point de vue ,&nbsp;il ne convient&nbsp;plus &nbsp;de situer la photographie en position de strict face \u00e0 face avec &nbsp;une peinture .\n\nElle n&rsquo;est plus&nbsp;alors qu&rsquo;un mat\u00e9riau, au m\u00eame titre que la couleur que le peintre broie, fait broyer ou ach\u00e8te en tube, que la&nbsp;terre que&nbsp;le sculpteur mod\u00e8le , que&nbsp;la pierre ou le bois &nbsp;que d&rsquo;autres taillent.\n\nComme tous les &nbsp;mat\u00e9riaux , elle dicte ses lois avec lesquelles on joue, mais toujours \u00e0 l&rsquo;int\u00e9rieur de certaines limites. La sp\u00e9cificit\u00e9&nbsp;de l&rsquo;image photographique,&nbsp;c&rsquo;est &nbsp;probablement son caract\u00e8re indiciel. M\u00eame retravaill\u00e9e au point de perdre une plus ou moins grande partie de sa liaison directe avec les objets du monde, et perdre en reconnaissabilit\u00e9, &nbsp;elle reste impr\u00e9gn\u00e9e &nbsp;par le lien particulier qu&rsquo;elle entretient avec des objets dont l&rsquo;image aura&nbsp;\u00e9t\u00e9 plus enregistr\u00e9e que reproduite.\n\nEt il y a &nbsp;quelque chose de troublant \u00e0 travailler cette p\u00e2te l\u00e0. C&rsquo;est&nbsp;comme si on essayait d&rsquo;arracher \u00e0&nbsp;l&rsquo;eau&nbsp;du monde, des clich\u00e9s, comme des bois flott\u00e9s&nbsp;, qui une fois assembl\u00e9s, retravaill\u00e9s et \u00e9rig\u00e9s, diront la berge, la terre enfin \u00e9merg\u00e9e, sur laquelle on peut reprendre pied, installer un langage.\n\nQuelle diff\u00e9rence &nbsp;alors entre le peintre qui travaille&nbsp;ses couleurs, le sculpteur se rendant \u00e0 la carri\u00e8re pour choisir son bloc de pierre, et l&rsquo;artiste muni de ses machines \u00e0 enregistrer des images?\n\nL&rsquo;image photographique, une ic\u00f4ne, une image, un symbole ? &nbsp;De toutes fa\u00e7ons, ce n&rsquo;est que le n\u00e9gatif , la pierre lithographique, la plaque de cuivre, la soie d&rsquo;une oeuvre \u00e0 venir .\n\n*(sauf peut-\u00eatre devant certaines images de Sugimoto &nbsp;et quelques autres )\t\t\t\t\t\t\t\t<\/div>\n\t\t\t\t<\/div>\n\t\t\t\t\t<\/div>\n\t\t<\/div>\n\t\t\t\t\t<\/div>\n\t\t<\/section>\n\t\t\t\t<section class=\"elementor-section elementor-top-section elementor-element elementor-element-5a0c3b9 elementor-section-boxed elementor-section-height-default elementor-section-height-default\" data-id=\"5a0c3b9\" data-element_type=\"section\">\n\t\t\t\t\t\t<div class=\"elementor-container elementor-column-gap-default\">\n\t\t\t\t\t<div class=\"elementor-column elementor-col-100 elementor-top-column elementor-element elementor-element-63b2e61\" data-id=\"63b2e61\" data-element_type=\"column\">\n\t\t\t<div class=\"elementor-widget-wrap elementor-element-populated\">\n\t\t\t\t\t\t<div class=\"elementor-element elementor-element-abcf872 elementor-widget elementor-widget-text-editor\" data-id=\"abcf872\" data-element_type=\"widget\" data-widget_type=\"text-editor.default\">\n\t\t\t\t<div class=\"elementor-widget-container\">\n\t\t\t\t\t\t\t\t\t<p>Ce texte de 2015 a servi de base au texte d\u00e9crivant ma d\u00e9marche (A consulter dans le <a href=\"https:\/\/broise-art.fr\/journal\/demarche-artistique-christian-broise\/\" target=\"_blank\" rel=\"noopener\">menu du m\u00eame nom)<\/a><\/p>\t\t\t\t\t\t\t\t<\/div>\n\t\t\t\t<\/div>\n\t\t\t\t\t<\/div>\n\t\t<\/div>\n\t\t\t\t\t<\/div>\n\t\t<\/section>\n\t\t\t\t<\/div>\n\t\t","protected":false},"excerpt":{"rendered":"<p>Il est souvent bien difficile &nbsp;de mettre en harmonie des concepts&nbsp;de s\u00e9miologie &nbsp;et une pratique artistique que l&rsquo;on &nbsp;cherche (raisonnablement) \u00e0 \u00e9clairer. Le travail sur le clich\u00e9 (qu&rsquo;il soit num\u00e9rique ou non) &nbsp;est-il une des voies qui permet de donner \u00e0 la photographie sa vraie place? Il permet en tout cas d&rsquo;\u00e9chapper \u00e0 ce sentiment [&hellip;]<\/p>\n","protected":false},"author":1,"featured_media":0,"comment_status":"closed","ping_status":"open","sticky":false,"template":"","format":"standard","meta":{"_seopress_robots_primary_cat":"","_seopress_titles_title":"Article sur la photographie comme mati\u00e8re sur le site de Christian Broise","_seopress_titles_desc":"","_seopress_robots_index":"","footnotes":""},"categories":[2,15,33],"tags":[],"class_list":["post-181","post","type-post","status-publish","format-standard","hentry","category-peinture","category-photographie","category-reflexion-sur-lart","entry"],"_links":{"self":[{"href":"https:\/\/broise-art.fr\/journal\/wp-json\/wp\/v2\/posts\/181","targetHints":{"allow":["GET"]}}],"collection":[{"href":"https:\/\/broise-art.fr\/journal\/wp-json\/wp\/v2\/posts"}],"about":[{"href":"https:\/\/broise-art.fr\/journal\/wp-json\/wp\/v2\/types\/post"}],"author":[{"embeddable":true,"href":"https:\/\/broise-art.fr\/journal\/wp-json\/wp\/v2\/users\/1"}],"replies":[{"embeddable":true,"href":"https:\/\/broise-art.fr\/journal\/wp-json\/wp\/v2\/comments?post=181"}],"version-history":[{"count":15,"href":"https:\/\/broise-art.fr\/journal\/wp-json\/wp\/v2\/posts\/181\/revisions"}],"predecessor-version":[{"id":3951,"href":"https:\/\/broise-art.fr\/journal\/wp-json\/wp\/v2\/posts\/181\/revisions\/3951"}],"wp:attachment":[{"href":"https:\/\/broise-art.fr\/journal\/wp-json\/wp\/v2\/media?parent=181"}],"wp:term":[{"taxonomy":"category","embeddable":true,"href":"https:\/\/broise-art.fr\/journal\/wp-json\/wp\/v2\/categories?post=181"},{"taxonomy":"post_tag","embeddable":true,"href":"https:\/\/broise-art.fr\/journal\/wp-json\/wp\/v2\/tags?post=181"}],"curies":[{"name":"wp","href":"https:\/\/api.w.org\/{rel}","templated":true}]}}